{"id":33184,"date":"2021-09-21T11:53:00","date_gmt":"2021-09-21T09:53:00","guid":{"rendered":"https:\/\/www.cefam.fr\/?p=33184"},"modified":"2026-01-08T07:21:31","modified_gmt":"2026-01-08T06:21:31","slug":"one-day-in-cefam","status":"publish","type":"post","link":"https:\/\/www.cefam.fr\/en\/2021\/09\/21\/one-day-in-cefam\/","title":{"rendered":"One day in CEFAM"},"content":{"rendered":"\n<p>L\u2019objectif du One Day est de permettre \u00e0 des lyc\u00e9ens en terminale de venir participer \u00e0 des cours au CEFAM pedant leur temps libre pour mieux comprendre le syst\u00e8me \u00e9ducatif de notre \u00e9cole.<\/p>\n\n\n\n<div style=\"height:20px\" aria-hidden=\"true\" class=\"wp-block-spacer\"><\/div>\n\n\n\n<div data-wp-interactive=\"core\/file\" class=\"wp-block-file\"><object data-wp-bind--hidden=\"!state.hasPdfPreview\" hidden class=\"wp-block-file__embed\" data=\"https:\/\/www.cefam.fr\/wp-content\/uploads\/2021\/09\/invitation-oneday.pdf\" type=\"application\/pdf\" style=\"width:100%;height:1350px\" aria-label=\"PDF embed\"><\/object><\/div>\n","protected":false},"excerpt":{"rendered":"L\u2019objectif du One Day est de permettre \u00e0 des lyc\u00e9ens en terminale de venir participer \u00e0 des cours au CEFAM pedant leur temps libre pour mieux comprendre le syst\u00e8me \u00e9ducatif de notre \u00e9cole.","protected":false},"author":12,"featured_media":3301,"comment_status":"open","ping_status":"open","sticky":false,"template":"","format":"standard","meta":{"_acf_changed":false,"episode_type":"","audio_file":"","podmotor_file_id":"","podmotor_episode_id":"","cover_image":"","cover_image_id":"","duration":"","filesize":"","filesize_raw":"","date_recorded":"","explicit":"","block":"","itunes_episode_number":"","itunes_title":"","itunes_season_number":"","itunes_episode_type":"","footnotes":""},"categories":[82],"tags":[],"class_list":["post-33184","post","type-post","status-publish","format-standard","has-post-thumbnail","hentry","category-lyon-city"],"acf":[],"yoast_head":"<!-- This site is optimized with the Yoast SEO plugin v27.4 - https:\/\/yoast.com\/product\/yoast-seo-wordpress\/ -->\n<title>One day in CEFAM - CEFAM<\/title>\n<meta name=\"description\" content=\"Become a CEFAM student for a day! Explore our Lyon campus, meet our faculty, and dive into the heart of our unique international business school community.\" \/>\n<meta name=\"robots\" content=\"index, follow, max-snippet:-1, max-image-preview:large, max-video-preview:-1\" \/>\n<link rel=\"canonical\" href=\"https:\/\/www.cefam.fr\/en\/2021\/09\/21\/one-day-in-cefam\/\" \/>\n<meta property=\"og:locale\" content=\"en_US\" \/>\n<meta property=\"og:type\" content=\"article\" \/>\n<meta property=\"og:title\" content=\"One day in CEFAM - CEFAM\" \/>\n<meta property=\"og:description\" content=\"Become a CEFAM student for a day! Explore our Lyon campus, meet our faculty, and dive into the heart of our unique international business school community.\" \/>\n<meta property=\"og:url\" content=\"https:\/\/www.cefam.fr\/en\/2021\/09\/21\/one-day-in-cefam\/\" \/>\n<meta property=\"og:site_name\" content=\"CEFAM\" \/>\n<meta property=\"article:publisher\" content=\"https:\/\/www.facebook.com\/CEFAM\" \/>\n<meta property=\"article:published_time\" content=\"2021-09-21T09:53:00+00:00\" \/>\n<meta property=\"article:modified_time\" content=\"2026-01-08T06:21:31+00:00\" \/>\n<meta property=\"og:image\" content=\"https:\/\/www.cefam.fr\/wp-content\/uploads\/2021\/09\/cefam-campus-hep.jpg\" \/>\n\t<meta property=\"og:image:width\" content=\"1440\" \/>\n\t<meta property=\"og:image:height\" content=\"960\" \/>\n\t<meta property=\"og:image:type\" content=\"image\/jpeg\" \/>\n<meta name=\"author\" content=\"stepup agence\" \/>\n<meta name=\"twitter:card\" content=\"summary_large_image\" \/>\n<meta name=\"twitter:label1\" content=\"Written by\" \/>\n\t<meta name=\"twitter:data1\" content=\"stepup agence\" \/>\n<script type=\"application\/ld+json\" class=\"yoast-schema-graph\">{\"@context\":\"https:\\\/\\\/schema.org\",\"@graph\":[{\"@type\":\"Article\",\"@id\":\"https:\\\/\\\/www.cefam.fr\\\/en\\\/2021\\\/09\\\/21\\\/one-day-in-cefam\\\/#article\",\"isPartOf\":{\"@id\":\"https:\\\/\\\/www.cefam.fr\\\/en\\\/2021\\\/09\\\/21\\\/one-day-in-cefam\\\/\"},\"author\":{\"name\":\"stepup agence\",\"@id\":\"https:\\\/\\\/www.cefam.fr\\\/#\\\/schema\\\/person\\\/9d0c518db575764a7c3f722b39219680\"},\"headline\":\"One day in CEFAM\",\"datePublished\":\"2021-09-21T09:53:00+00:00\",\"dateModified\":\"2026-01-08T06:21:31+00:00\",\"mainEntityOfPage\":{\"@id\":\"https:\\\/\\\/www.cefam.fr\\\/en\\\/2021\\\/09\\\/21\\\/one-day-in-cefam\\\/\"},\"wordCount\":38,\"commentCount\":0,\"publisher\":{\"@id\":\"https:\\\/\\\/www.cefam.fr\\\/#organization\"},\"image\":{\"@id\":\"https:\\\/\\\/www.cefam.fr\\\/en\\\/2021\\\/09\\\/21\\\/one-day-in-cefam\\\/#primaryimage\"},\"thumbnailUrl\":\"https:\\\/\\\/www.cefam.fr\\\/wp-content\\\/uploads\\\/2021\\\/09\\\/cefam-campus-hep.jpg\",\"articleSection\":[\"Lyon\"],\"inLanguage\":\"en-US\",\"potentialAction\":[{\"@type\":\"CommentAction\",\"name\":\"Comment\",\"target\":[\"https:\\\/\\\/www.cefam.fr\\\/en\\\/2021\\\/09\\\/21\\\/one-day-in-cefam\\\/#respond\"]}]},{\"@type\":\"WebPage\",\"@id\":\"https:\\\/\\\/www.cefam.fr\\\/en\\\/2021\\\/09\\\/21\\\/one-day-in-cefam\\\/\",\"url\":\"https:\\\/\\\/www.cefam.fr\\\/en\\\/2021\\\/09\\\/21\\\/one-day-in-cefam\\\/\",\"name\":\"One day in CEFAM - CEFAM\",\"isPartOf\":{\"@id\":\"https:\\\/\\\/www.cefam.fr\\\/#website\"},\"primaryImageOfPage\":{\"@id\":\"https:\\\/\\\/www.cefam.fr\\\/en\\\/2021\\\/09\\\/21\\\/one-day-in-cefam\\\/#primaryimage\"},\"image\":{\"@id\":\"https:\\\/\\\/www.cefam.fr\\\/en\\\/2021\\\/09\\\/21\\\/one-day-in-cefam\\\/#primaryimage\"},\"thumbnailUrl\":\"https:\\\/\\\/www.cefam.fr\\\/wp-content\\\/uploads\\\/2021\\\/09\\\/cefam-campus-hep.jpg\",\"datePublished\":\"2021-09-21T09:53:00+00:00\",\"dateModified\":\"2026-01-08T06:21:31+00:00\",\"description\":\"Become a CEFAM student for a day! Explore our Lyon campus, meet our faculty, and dive into the heart of our unique international business school community.\",\"breadcrumb\":{\"@id\":\"https:\\\/\\\/www.cefam.fr\\\/en\\\/2021\\\/09\\\/21\\\/one-day-in-cefam\\\/#breadcrumb\"},\"inLanguage\":\"en-US\",\"potentialAction\":[{\"@type\":\"ReadAction\",\"target\":[\"https:\\\/\\\/www.cefam.fr\\\/en\\\/2021\\\/09\\\/21\\\/one-day-in-cefam\\\/\"]}]},{\"@type\":\"ImageObject\",\"inLanguage\":\"en-US\",\"@id\":\"https:\\\/\\\/www.cefam.fr\\\/en\\\/2021\\\/09\\\/21\\\/one-day-in-cefam\\\/#primaryimage\",\"url\":\"https:\\\/\\\/www.cefam.fr\\\/wp-content\\\/uploads\\\/2021\\\/09\\\/cefam-campus-hep.jpg\",\"contentUrl\":\"https:\\\/\\\/www.cefam.fr\\\/wp-content\\\/uploads\\\/2021\\\/09\\\/cefam-campus-hep.jpg\",\"width\":1440,\"height\":960,\"caption\":\"cefam campus hep\"},{\"@type\":\"BreadcrumbList\",\"@id\":\"https:\\\/\\\/www.cefam.fr\\\/en\\\/2021\\\/09\\\/21\\\/one-day-in-cefam\\\/#breadcrumb\",\"itemListElement\":[{\"@type\":\"ListItem\",\"position\":1,\"name\":\"Accueil\",\"item\":\"https:\\\/\\\/www.cefam.fr\\\/en\\\/\"},{\"@type\":\"ListItem\",\"position\":2,\"name\":\"One day in CEFAM\"}]},{\"@type\":\"WebSite\",\"@id\":\"https:\\\/\\\/www.cefam.fr\\\/#website\",\"url\":\"https:\\\/\\\/www.cefam.fr\\\/\",\"name\":\"CEFAM\",\"description\":\"Ecole de commerce internationnal\",\"publisher\":{\"@id\":\"https:\\\/\\\/www.cefam.fr\\\/#organization\"},\"potentialAction\":[{\"@type\":\"SearchAction\",\"target\":{\"@type\":\"EntryPoint\",\"urlTemplate\":\"https:\\\/\\\/www.cefam.fr\\\/?s={search_term_string}\"},\"query-input\":{\"@type\":\"PropertyValueSpecification\",\"valueRequired\":true,\"valueName\":\"search_term_string\"}}],\"inLanguage\":\"en-US\"},{\"@type\":\"Organization\",\"@id\":\"https:\\\/\\\/www.cefam.fr\\\/#organization\",\"name\":\"CEFAM\",\"url\":\"https:\\\/\\\/www.cefam.fr\\\/\",\"logo\":{\"@type\":\"ImageObject\",\"inLanguage\":\"en-US\",\"@id\":\"https:\\\/\\\/www.cefam.fr\\\/#\\\/schema\\\/logo\\\/image\\\/\",\"url\":\"https:\\\/\\\/www.cefam.fr\\\/wp-content\\\/uploads\\\/2025\\\/02\\\/Logo-cefam-white-png.webp\",\"contentUrl\":\"https:\\\/\\\/www.cefam.fr\\\/wp-content\\\/uploads\\\/2025\\\/02\\\/Logo-cefam-white-png.webp\",\"width\":604,\"height\":273,\"caption\":\"CEFAM\"},\"image\":{\"@id\":\"https:\\\/\\\/www.cefam.fr\\\/#\\\/schema\\\/logo\\\/image\\\/\"},\"sameAs\":[\"https:\\\/\\\/www.facebook.com\\\/CEFAM\",\"https:\\\/\\\/www.tiktok.com\\\/@cefamuniversity\",\"https:\\\/\\\/www.linkedin.com\\\/school\\\/cefam-centre-d'tudes-franco-amricain-de-management\\\/\",\"https:\\\/\\\/www.instagram.com\\\/cefamuniversity\\\/?hl=fr\",\"https:\\\/\\\/www.youtube.com\\\/user\\\/cefamweb\"]},{\"@type\":\"Person\",\"@id\":\"https:\\\/\\\/www.cefam.fr\\\/#\\\/schema\\\/person\\\/9d0c518db575764a7c3f722b39219680\",\"name\":\"stepup agence\",\"image\":{\"@type\":\"ImageObject\",\"inLanguage\":\"en-US\",\"@id\":\"https:\\\/\\\/secure.gravatar.com\\\/avatar\\\/f1576451ef1d5424a952317c2769b9cbcef6d69ad751e14efe2bf98a0104fed3?s=96&d=mm&r=g\",\"url\":\"https:\\\/\\\/secure.gravatar.com\\\/avatar\\\/f1576451ef1d5424a952317c2769b9cbcef6d69ad751e14efe2bf98a0104fed3?s=96&d=mm&r=g\",\"contentUrl\":\"https:\\\/\\\/secure.gravatar.com\\\/avatar\\\/f1576451ef1d5424a952317c2769b9cbcef6d69ad751e14efe2bf98a0104fed3?s=96&d=mm&r=g\",\"caption\":\"stepup agence\"},\"url\":\"https:\\\/\\\/www.cefam.fr\\\/en\\\/author\\\/stepup-2\\\/\"}]}<\/script>\n<!-- \/ Yoast SEO plugin. -->","yoast_head_json":{"title":"One day in CEFAM - CEFAM","description":"Become a CEFAM student for a day! Explore our Lyon campus, meet our faculty, and dive into the heart of our unique international business school community.","robots":{"index":"index","follow":"follow","max-snippet":"max-snippet:-1","max-image-preview":"max-image-preview:large","max-video-preview":"max-video-preview:-1"},"canonical":"https:\/\/www.cefam.fr\/en\/2021\/09\/21\/one-day-in-cefam\/","og_locale":"en_US","og_type":"article","og_title":"One day in CEFAM - CEFAM","og_description":"Become a CEFAM student for a day! Explore our Lyon campus, meet our faculty, and dive into the heart of our unique international business school community.","og_url":"https:\/\/www.cefam.fr\/en\/2021\/09\/21\/one-day-in-cefam\/","og_site_name":"CEFAM","article_publisher":"https:\/\/www.facebook.com\/CEFAM","article_published_time":"2021-09-21T09:53:00+00:00","article_modified_time":"2026-01-08T06:21:31+00:00","og_image":[{"width":1440,"height":960,"url":"https:\/\/www.cefam.fr\/wp-content\/uploads\/2021\/09\/cefam-campus-hep.jpg","type":"image\/jpeg"}],"author":"stepup agence","twitter_card":"summary_large_image","twitter_misc":{"Written by":"stepup agence"},"schema":{"@context":"https:\/\/schema.org","@graph":[{"@type":"Article","@id":"https:\/\/www.cefam.fr\/en\/2021\/09\/21\/one-day-in-cefam\/#article","isPartOf":{"@id":"https:\/\/www.cefam.fr\/en\/2021\/09\/21\/one-day-in-cefam\/"},"author":{"name":"stepup agence","@id":"https:\/\/www.cefam.fr\/#\/schema\/person\/9d0c518db575764a7c3f722b39219680"},"headline":"One day in CEFAM","datePublished":"2021-09-21T09:53:00+00:00","dateModified":"2026-01-08T06:21:31+00:00","mainEntityOfPage":{"@id":"https:\/\/www.cefam.fr\/en\/2021\/09\/21\/one-day-in-cefam\/"},"wordCount":38,"commentCount":0,"publisher":{"@id":"https:\/\/www.cefam.fr\/#organization"},"image":{"@id":"https:\/\/www.cefam.fr\/en\/2021\/09\/21\/one-day-in-cefam\/#primaryimage"},"thumbnailUrl":"https:\/\/www.cefam.fr\/wp-content\/uploads\/2021\/09\/cefam-campus-hep.jpg","articleSection":["Lyon"],"inLanguage":"en-US","potentialAction":[{"@type":"CommentAction","name":"Comment","target":["https:\/\/www.cefam.fr\/en\/2021\/09\/21\/one-day-in-cefam\/#respond"]}]},{"@type":"WebPage","@id":"https:\/\/www.cefam.fr\/en\/2021\/09\/21\/one-day-in-cefam\/","url":"https:\/\/www.cefam.fr\/en\/2021\/09\/21\/one-day-in-cefam\/","name":"One day in CEFAM - CEFAM","isPartOf":{"@id":"https:\/\/www.cefam.fr\/#website"},"primaryImageOfPage":{"@id":"https:\/\/www.cefam.fr\/en\/2021\/09\/21\/one-day-in-cefam\/#primaryimage"},"image":{"@id":"https:\/\/www.cefam.fr\/en\/2021\/09\/21\/one-day-in-cefam\/#primaryimage"},"thumbnailUrl":"https:\/\/www.cefam.fr\/wp-content\/uploads\/2021\/09\/cefam-campus-hep.jpg","datePublished":"2021-09-21T09:53:00+00:00","dateModified":"2026-01-08T06:21:31+00:00","description":"Become a CEFAM student for a day! Explore our Lyon campus, meet our faculty, and dive into the heart of our unique international business school community.","breadcrumb":{"@id":"https:\/\/www.cefam.fr\/en\/2021\/09\/21\/one-day-in-cefam\/#breadcrumb"},"inLanguage":"en-US","potentialAction":[{"@type":"ReadAction","target":["https:\/\/www.cefam.fr\/en\/2021\/09\/21\/one-day-in-cefam\/"]}]},{"@type":"ImageObject","inLanguage":"en-US","@id":"https:\/\/www.cefam.fr\/en\/2021\/09\/21\/one-day-in-cefam\/#primaryimage","url":"https:\/\/www.cefam.fr\/wp-content\/uploads\/2021\/09\/cefam-campus-hep.jpg","contentUrl":"https:\/\/www.cefam.fr\/wp-content\/uploads\/2021\/09\/cefam-campus-hep.jpg","width":1440,"height":960,"caption":"cefam campus hep"},{"@type":"BreadcrumbList","@id":"https:\/\/www.cefam.fr\/en\/2021\/09\/21\/one-day-in-cefam\/#breadcrumb","itemListElement":[{"@type":"ListItem","position":1,"name":"Accueil","item":"https:\/\/www.cefam.fr\/en\/"},{"@type":"ListItem","position":2,"name":"One day in CEFAM"}]},{"@type":"WebSite","@id":"https:\/\/www.cefam.fr\/#website","url":"https:\/\/www.cefam.fr\/","name":"CEFAM","description":"Ecole de commerce internationnal","publisher":{"@id":"https:\/\/www.cefam.fr\/#organization"},"potentialAction":[{"@type":"SearchAction","target":{"@type":"EntryPoint","urlTemplate":"https:\/\/www.cefam.fr\/?s={search_term_string}"},"query-input":{"@type":"PropertyValueSpecification","valueRequired":true,"valueName":"search_term_string"}}],"inLanguage":"en-US"},{"@type":"Organization","@id":"https:\/\/www.cefam.fr\/#organization","name":"CEFAM","url":"https:\/\/www.cefam.fr\/","logo":{"@type":"ImageObject","inLanguage":"en-US","@id":"https:\/\/www.cefam.fr\/#\/schema\/logo\/image\/","url":"https:\/\/www.cefam.fr\/wp-content\/uploads\/2025\/02\/Logo-cefam-white-png.webp","contentUrl":"https:\/\/www.cefam.fr\/wp-content\/uploads\/2025\/02\/Logo-cefam-white-png.webp","width":604,"height":273,"caption":"CEFAM"},"image":{"@id":"https:\/\/www.cefam.fr\/#\/schema\/logo\/image\/"},"sameAs":["https:\/\/www.facebook.com\/CEFAM","https:\/\/www.tiktok.com\/@cefamuniversity","https:\/\/www.linkedin.com\/school\/cefam-centre-d'tudes-franco-amricain-de-management\/","https:\/\/www.instagram.com\/cefamuniversity\/?hl=fr","https:\/\/www.youtube.com\/user\/cefamweb"]},{"@type":"Person","@id":"https:\/\/www.cefam.fr\/#\/schema\/person\/9d0c518db575764a7c3f722b39219680","name":"stepup agence","image":{"@type":"ImageObject","inLanguage":"en-US","@id":"https:\/\/secure.gravatar.com\/avatar\/f1576451ef1d5424a952317c2769b9cbcef6d69ad751e14efe2bf98a0104fed3?s=96&d=mm&r=g","url":"https:\/\/secure.gravatar.com\/avatar\/f1576451ef1d5424a952317c2769b9cbcef6d69ad751e14efe2bf98a0104fed3?s=96&d=mm&r=g","contentUrl":"https:\/\/secure.gravatar.com\/avatar\/f1576451ef1d5424a952317c2769b9cbcef6d69ad751e14efe2bf98a0104fed3?s=96&d=mm&r=g","caption":"stepup agence"},"url":"https:\/\/www.cefam.fr\/en\/author\/stepup-2\/"}]}},"_links":{"self":[{"href":"https:\/\/www.cefam.fr\/en\/wp-json\/wp\/v2\/posts\/33184","targetHints":{"allow":["GET"]}}],"collection":[{"href":"https:\/\/www.cefam.fr\/en\/wp-json\/wp\/v2\/posts"}],"about":[{"href":"https:\/\/www.cefam.fr\/en\/wp-json\/wp\/v2\/types\/post"}],"author":[{"embeddable":true,"href":"https:\/\/www.cefam.fr\/en\/wp-json\/wp\/v2\/users\/12"}],"replies":[{"embeddable":true,"href":"https:\/\/www.cefam.fr\/en\/wp-json\/wp\/v2\/comments?post=33184"}],"version-history":[{"count":4,"href":"https:\/\/www.cefam.fr\/en\/wp-json\/wp\/v2\/posts\/33184\/revisions"}],"predecessor-version":[{"id":33189,"href":"https:\/\/www.cefam.fr\/en\/wp-json\/wp\/v2\/posts\/33184\/revisions\/33189"}],"wp:featuredmedia":[{"embeddable":true,"href":"https:\/\/www.cefam.fr\/en\/wp-json\/wp\/v2\/media\/3301"}],"wp:attachment":[{"href":"https:\/\/www.cefam.fr\/en\/wp-json\/wp\/v2\/media?parent=33184"}],"wp:term":[{"taxonomy":"category","embeddable":true,"href":"https:\/\/www.cefam.fr\/en\/wp-json\/wp\/v2\/categories?post=33184"},{"taxonomy":"post_tag","embeddable":true,"href":"https:\/\/www.cefam.fr\/en\/wp-json\/wp\/v2\/tags?post=33184"}],"curies":[{"name":"wp","href":"https:\/\/api.w.org\/{rel}","templated":true}]}}