{"id":4509,"date":"2021-10-09T09:17:35","date_gmt":"2021-10-09T07:17:35","guid":{"rendered":"https:\/\/cefam.fr\/?p=4509"},"modified":"2025-09-12T07:12:30","modified_gmt":"2025-09-12T05:12:30","slug":"run-in-lyon","status":"publish","type":"post","link":"https:\/\/www.cefam.fr\/en\/2021\/10\/09\/run-in-lyon\/","title":{"rendered":"Run in Lyon"},"content":{"rendered":"\n<p>Congratulations to the CEFAM team for its participation in Run in Lyon!<\/p>\n","protected":false},"excerpt":{"rendered":"Congratulations to the CEFAM team for its participation in Run in Lyon!","protected":false},"author":4,"featured_media":4149,"comment_status":"open","ping_status":"open","sticky":false,"template":"","format":"standard","meta":{"_acf_changed":false,"episode_type":"","audio_file":"","podmotor_file_id":"","podmotor_episode_id":"","cover_image":"","cover_image_id":"","duration":"","filesize":"","filesize_raw":"","date_recorded":"","explicit":"","block":"","itunes_episode_number":"","itunes_title":"","itunes_season_number":"","itunes_episode_type":"","footnotes":""},"categories":[82,60],"tags":[],"class_list":["post-4509","post","type-post","status-publish","format-standard","has-post-thumbnail","hentry","category-lyon-city","category-student-life"],"acf":[],"yoast_head":"<!-- This site is optimized with the Yoast SEO plugin v27.4 - https:\/\/yoast.com\/product\/yoast-seo-wordpress\/ -->\n<title>Run in Lyon - CEFAM<\/title>\n<meta name=\"description\" content=\"Y \u00e9tiez-vous ? Le CEFAM a couru \u00e0 Run in Lyon ! D\u00e9couvrez les coulisses de cet \u00e9v\u00e9nement sportif et la motivation de notre \u00e9quipe.\" \/>\n<meta name=\"robots\" content=\"index, follow, max-snippet:-1, max-image-preview:large, max-video-preview:-1\" \/>\n<link rel=\"canonical\" href=\"https:\/\/www.cefam.fr\/en\/2021\/10\/09\/run-in-lyon\/\" \/>\n<meta property=\"og:locale\" content=\"en_US\" \/>\n<meta property=\"og:type\" content=\"article\" \/>\n<meta property=\"og:title\" content=\"Run in Lyon - CEFAM\" \/>\n<meta property=\"og:description\" content=\"Y \u00e9tiez-vous ? Le CEFAM a couru \u00e0 Run in Lyon ! D\u00e9couvrez les coulisses de cet \u00e9v\u00e9nement sportif et la motivation de notre \u00e9quipe.\" \/>\n<meta property=\"og:url\" content=\"https:\/\/www.cefam.fr\/en\/2021\/10\/09\/run-in-lyon\/\" \/>\n<meta property=\"og:site_name\" content=\"CEFAM\" \/>\n<meta property=\"article:publisher\" content=\"https:\/\/www.facebook.com\/CEFAM\" \/>\n<meta property=\"article:published_time\" content=\"2021-10-09T07:17:35+00:00\" \/>\n<meta property=\"article:modified_time\" content=\"2025-09-12T05:12:30+00:00\" \/>\n<meta property=\"og:image\" content=\"https:\/\/www.cefam.fr\/wp-content\/uploads\/2021\/10\/run-in-lyon-2021.jpg\" \/>\n\t<meta property=\"og:image:width\" content=\"1024\" \/>\n\t<meta property=\"og:image:height\" content=\"768\" \/>\n\t<meta property=\"og:image:type\" content=\"image\/jpeg\" \/>\n<meta name=\"author\" content=\"Lily Horclois\" \/>\n<meta name=\"twitter:card\" content=\"summary_large_image\" \/>\n<meta name=\"twitter:label1\" content=\"Written by\" \/>\n\t<meta name=\"twitter:data1\" content=\"Lily Horclois\" \/>\n\t<meta name=\"twitter:label2\" content=\"Est. reading time\" \/>\n\t<meta name=\"twitter:data2\" content=\"1 minute\" \/>\n<script type=\"application\/ld+json\" class=\"yoast-schema-graph\">{\"@context\":\"https:\\\/\\\/schema.org\",\"@graph\":[{\"@type\":\"Article\",\"@id\":\"https:\\\/\\\/www.cefam.fr\\\/en\\\/2021\\\/10\\\/09\\\/run-in-lyon\\\/#article\",\"isPartOf\":{\"@id\":\"https:\\\/\\\/www.cefam.fr\\\/en\\\/2021\\\/10\\\/09\\\/run-in-lyon\\\/\"},\"author\":{\"name\":\"Lily Horclois\",\"@id\":\"https:\\\/\\\/www.cefam.fr\\\/#\\\/schema\\\/person\\\/681299a2bdfed0c331a28df9fb76aebf\"},\"headline\":\"Run in Lyon\",\"datePublished\":\"2021-10-09T07:17:35+00:00\",\"dateModified\":\"2025-09-12T05:12:30+00:00\",\"mainEntityOfPage\":{\"@id\":\"https:\\\/\\\/www.cefam.fr\\\/en\\\/2021\\\/10\\\/09\\\/run-in-lyon\\\/\"},\"wordCount\":15,\"commentCount\":0,\"publisher\":{\"@id\":\"https:\\\/\\\/www.cefam.fr\\\/#organization\"},\"image\":{\"@id\":\"https:\\\/\\\/www.cefam.fr\\\/en\\\/2021\\\/10\\\/09\\\/run-in-lyon\\\/#primaryimage\"},\"thumbnailUrl\":\"https:\\\/\\\/www.cefam.fr\\\/wp-content\\\/uploads\\\/2021\\\/10\\\/run-in-lyon-2021.jpg\",\"articleSection\":[\"Lyon\",\"Student life\"],\"inLanguage\":\"en-US\",\"potentialAction\":[{\"@type\":\"CommentAction\",\"name\":\"Comment\",\"target\":[\"https:\\\/\\\/www.cefam.fr\\\/en\\\/2021\\\/10\\\/09\\\/run-in-lyon\\\/#respond\"]}]},{\"@type\":\"WebPage\",\"@id\":\"https:\\\/\\\/www.cefam.fr\\\/en\\\/2021\\\/10\\\/09\\\/run-in-lyon\\\/\",\"url\":\"https:\\\/\\\/www.cefam.fr\\\/en\\\/2021\\\/10\\\/09\\\/run-in-lyon\\\/\",\"name\":\"Run in Lyon - CEFAM\",\"isPartOf\":{\"@id\":\"https:\\\/\\\/www.cefam.fr\\\/#website\"},\"primaryImageOfPage\":{\"@id\":\"https:\\\/\\\/www.cefam.fr\\\/en\\\/2021\\\/10\\\/09\\\/run-in-lyon\\\/#primaryimage\"},\"image\":{\"@id\":\"https:\\\/\\\/www.cefam.fr\\\/en\\\/2021\\\/10\\\/09\\\/run-in-lyon\\\/#primaryimage\"},\"thumbnailUrl\":\"https:\\\/\\\/www.cefam.fr\\\/wp-content\\\/uploads\\\/2021\\\/10\\\/run-in-lyon-2021.jpg\",\"datePublished\":\"2021-10-09T07:17:35+00:00\",\"dateModified\":\"2025-09-12T05:12:30+00:00\",\"description\":\"Y \u00e9tiez-vous ? Le CEFAM a couru \u00e0 Run in Lyon ! D\u00e9couvrez les coulisses de cet \u00e9v\u00e9nement sportif et la motivation de notre \u00e9quipe.\",\"breadcrumb\":{\"@id\":\"https:\\\/\\\/www.cefam.fr\\\/en\\\/2021\\\/10\\\/09\\\/run-in-lyon\\\/#breadcrumb\"},\"inLanguage\":\"en-US\",\"potentialAction\":[{\"@type\":\"ReadAction\",\"target\":[\"https:\\\/\\\/www.cefam.fr\\\/en\\\/2021\\\/10\\\/09\\\/run-in-lyon\\\/\"]}]},{\"@type\":\"ImageObject\",\"inLanguage\":\"en-US\",\"@id\":\"https:\\\/\\\/www.cefam.fr\\\/en\\\/2021\\\/10\\\/09\\\/run-in-lyon\\\/#primaryimage\",\"url\":\"https:\\\/\\\/www.cefam.fr\\\/wp-content\\\/uploads\\\/2021\\\/10\\\/run-in-lyon-2021.jpg\",\"contentUrl\":\"https:\\\/\\\/www.cefam.fr\\\/wp-content\\\/uploads\\\/2021\\\/10\\\/run-in-lyon-2021.jpg\",\"width\":1024,\"height\":768,\"caption\":\"run in lyon 2021\"},{\"@type\":\"BreadcrumbList\",\"@id\":\"https:\\\/\\\/www.cefam.fr\\\/en\\\/2021\\\/10\\\/09\\\/run-in-lyon\\\/#breadcrumb\",\"itemListElement\":[{\"@type\":\"ListItem\",\"position\":1,\"name\":\"Accueil\",\"item\":\"https:\\\/\\\/www.cefam.fr\\\/en\\\/\"},{\"@type\":\"ListItem\",\"position\":2,\"name\":\"Run in Lyon\"}]},{\"@type\":\"WebSite\",\"@id\":\"https:\\\/\\\/www.cefam.fr\\\/#website\",\"url\":\"https:\\\/\\\/www.cefam.fr\\\/\",\"name\":\"CEFAM\",\"description\":\"Ecole de commerce internationnal\",\"publisher\":{\"@id\":\"https:\\\/\\\/www.cefam.fr\\\/#organization\"},\"potentialAction\":[{\"@type\":\"SearchAction\",\"target\":{\"@type\":\"EntryPoint\",\"urlTemplate\":\"https:\\\/\\\/www.cefam.fr\\\/?s={search_term_string}\"},\"query-input\":{\"@type\":\"PropertyValueSpecification\",\"valueRequired\":true,\"valueName\":\"search_term_string\"}}],\"inLanguage\":\"en-US\"},{\"@type\":\"Organization\",\"@id\":\"https:\\\/\\\/www.cefam.fr\\\/#organization\",\"name\":\"CEFAM\",\"url\":\"https:\\\/\\\/www.cefam.fr\\\/\",\"logo\":{\"@type\":\"ImageObject\",\"inLanguage\":\"en-US\",\"@id\":\"https:\\\/\\\/www.cefam.fr\\\/#\\\/schema\\\/logo\\\/image\\\/\",\"url\":\"https:\\\/\\\/www.cefam.fr\\\/wp-content\\\/uploads\\\/2025\\\/02\\\/Logo-cefam-white-png.webp\",\"contentUrl\":\"https:\\\/\\\/www.cefam.fr\\\/wp-content\\\/uploads\\\/2025\\\/02\\\/Logo-cefam-white-png.webp\",\"width\":604,\"height\":273,\"caption\":\"CEFAM\"},\"image\":{\"@id\":\"https:\\\/\\\/www.cefam.fr\\\/#\\\/schema\\\/logo\\\/image\\\/\"},\"sameAs\":[\"https:\\\/\\\/www.facebook.com\\\/CEFAM\",\"https:\\\/\\\/www.tiktok.com\\\/@cefamuniversity\",\"https:\\\/\\\/www.linkedin.com\\\/school\\\/cefam-centre-d'tudes-franco-amricain-de-management\\\/\",\"https:\\\/\\\/www.instagram.com\\\/cefamuniversity\\\/?hl=fr\",\"https:\\\/\\\/www.youtube.com\\\/user\\\/cefamweb\"]},{\"@type\":\"Person\",\"@id\":\"https:\\\/\\\/www.cefam.fr\\\/#\\\/schema\\\/person\\\/681299a2bdfed0c331a28df9fb76aebf\",\"name\":\"Lily Horclois\",\"image\":{\"@type\":\"ImageObject\",\"inLanguage\":\"en-US\",\"@id\":\"https:\\\/\\\/secure.gravatar.com\\\/avatar\\\/b372c0753ec84be56f63040002ad7de14a373d659f8649213cbc6ad82fa486b6?s=96&d=mm&r=g\",\"url\":\"https:\\\/\\\/secure.gravatar.com\\\/avatar\\\/b372c0753ec84be56f63040002ad7de14a373d659f8649213cbc6ad82fa486b6?s=96&d=mm&r=g\",\"contentUrl\":\"https:\\\/\\\/secure.gravatar.com\\\/avatar\\\/b372c0753ec84be56f63040002ad7de14a373d659f8649213cbc6ad82fa486b6?s=96&d=mm&r=g\",\"caption\":\"Lily Horclois\"},\"url\":\"https:\\\/\\\/www.cefam.fr\\\/en\\\/author\\\/lhorclois\\\/\"}]}<\/script>\n<!-- \/ Yoast SEO plugin. -->","yoast_head_json":{"title":"Run in Lyon - CEFAM","description":"Y \u00e9tiez-vous ? Le CEFAM a couru \u00e0 Run in Lyon ! D\u00e9couvrez les coulisses de cet \u00e9v\u00e9nement sportif et la motivation de notre \u00e9quipe.","robots":{"index":"index","follow":"follow","max-snippet":"max-snippet:-1","max-image-preview":"max-image-preview:large","max-video-preview":"max-video-preview:-1"},"canonical":"https:\/\/www.cefam.fr\/en\/2021\/10\/09\/run-in-lyon\/","og_locale":"en_US","og_type":"article","og_title":"Run in Lyon - CEFAM","og_description":"Y \u00e9tiez-vous ? Le CEFAM a couru \u00e0 Run in Lyon ! D\u00e9couvrez les coulisses de cet \u00e9v\u00e9nement sportif et la motivation de notre \u00e9quipe.","og_url":"https:\/\/www.cefam.fr\/en\/2021\/10\/09\/run-in-lyon\/","og_site_name":"CEFAM","article_publisher":"https:\/\/www.facebook.com\/CEFAM","article_published_time":"2021-10-09T07:17:35+00:00","article_modified_time":"2025-09-12T05:12:30+00:00","og_image":[{"width":1024,"height":768,"url":"https:\/\/www.cefam.fr\/wp-content\/uploads\/2021\/10\/run-in-lyon-2021.jpg","type":"image\/jpeg"}],"author":"Lily Horclois","twitter_card":"summary_large_image","twitter_misc":{"Written by":"Lily Horclois","Est. reading time":"1 minute"},"schema":{"@context":"https:\/\/schema.org","@graph":[{"@type":"Article","@id":"https:\/\/www.cefam.fr\/en\/2021\/10\/09\/run-in-lyon\/#article","isPartOf":{"@id":"https:\/\/www.cefam.fr\/en\/2021\/10\/09\/run-in-lyon\/"},"author":{"name":"Lily Horclois","@id":"https:\/\/www.cefam.fr\/#\/schema\/person\/681299a2bdfed0c331a28df9fb76aebf"},"headline":"Run in Lyon","datePublished":"2021-10-09T07:17:35+00:00","dateModified":"2025-09-12T05:12:30+00:00","mainEntityOfPage":{"@id":"https:\/\/www.cefam.fr\/en\/2021\/10\/09\/run-in-lyon\/"},"wordCount":15,"commentCount":0,"publisher":{"@id":"https:\/\/www.cefam.fr\/#organization"},"image":{"@id":"https:\/\/www.cefam.fr\/en\/2021\/10\/09\/run-in-lyon\/#primaryimage"},"thumbnailUrl":"https:\/\/www.cefam.fr\/wp-content\/uploads\/2021\/10\/run-in-lyon-2021.jpg","articleSection":["Lyon","Student life"],"inLanguage":"en-US","potentialAction":[{"@type":"CommentAction","name":"Comment","target":["https:\/\/www.cefam.fr\/en\/2021\/10\/09\/run-in-lyon\/#respond"]}]},{"@type":"WebPage","@id":"https:\/\/www.cefam.fr\/en\/2021\/10\/09\/run-in-lyon\/","url":"https:\/\/www.cefam.fr\/en\/2021\/10\/09\/run-in-lyon\/","name":"Run in Lyon - CEFAM","isPartOf":{"@id":"https:\/\/www.cefam.fr\/#website"},"primaryImageOfPage":{"@id":"https:\/\/www.cefam.fr\/en\/2021\/10\/09\/run-in-lyon\/#primaryimage"},"image":{"@id":"https:\/\/www.cefam.fr\/en\/2021\/10\/09\/run-in-lyon\/#primaryimage"},"thumbnailUrl":"https:\/\/www.cefam.fr\/wp-content\/uploads\/2021\/10\/run-in-lyon-2021.jpg","datePublished":"2021-10-09T07:17:35+00:00","dateModified":"2025-09-12T05:12:30+00:00","description":"Y \u00e9tiez-vous ? Le CEFAM a couru \u00e0 Run in Lyon ! D\u00e9couvrez les coulisses de cet \u00e9v\u00e9nement sportif et la motivation de notre \u00e9quipe.","breadcrumb":{"@id":"https:\/\/www.cefam.fr\/en\/2021\/10\/09\/run-in-lyon\/#breadcrumb"},"inLanguage":"en-US","potentialAction":[{"@type":"ReadAction","target":["https:\/\/www.cefam.fr\/en\/2021\/10\/09\/run-in-lyon\/"]}]},{"@type":"ImageObject","inLanguage":"en-US","@id":"https:\/\/www.cefam.fr\/en\/2021\/10\/09\/run-in-lyon\/#primaryimage","url":"https:\/\/www.cefam.fr\/wp-content\/uploads\/2021\/10\/run-in-lyon-2021.jpg","contentUrl":"https:\/\/www.cefam.fr\/wp-content\/uploads\/2021\/10\/run-in-lyon-2021.jpg","width":1024,"height":768,"caption":"run in lyon 2021"},{"@type":"BreadcrumbList","@id":"https:\/\/www.cefam.fr\/en\/2021\/10\/09\/run-in-lyon\/#breadcrumb","itemListElement":[{"@type":"ListItem","position":1,"name":"Accueil","item":"https:\/\/www.cefam.fr\/en\/"},{"@type":"ListItem","position":2,"name":"Run in Lyon"}]},{"@type":"WebSite","@id":"https:\/\/www.cefam.fr\/#website","url":"https:\/\/www.cefam.fr\/","name":"CEFAM","description":"Ecole de commerce internationnal","publisher":{"@id":"https:\/\/www.cefam.fr\/#organization"},"potentialAction":[{"@type":"SearchAction","target":{"@type":"EntryPoint","urlTemplate":"https:\/\/www.cefam.fr\/?s={search_term_string}"},"query-input":{"@type":"PropertyValueSpecification","valueRequired":true,"valueName":"search_term_string"}}],"inLanguage":"en-US"},{"@type":"Organization","@id":"https:\/\/www.cefam.fr\/#organization","name":"CEFAM","url":"https:\/\/www.cefam.fr\/","logo":{"@type":"ImageObject","inLanguage":"en-US","@id":"https:\/\/www.cefam.fr\/#\/schema\/logo\/image\/","url":"https:\/\/www.cefam.fr\/wp-content\/uploads\/2025\/02\/Logo-cefam-white-png.webp","contentUrl":"https:\/\/www.cefam.fr\/wp-content\/uploads\/2025\/02\/Logo-cefam-white-png.webp","width":604,"height":273,"caption":"CEFAM"},"image":{"@id":"https:\/\/www.cefam.fr\/#\/schema\/logo\/image\/"},"sameAs":["https:\/\/www.facebook.com\/CEFAM","https:\/\/www.tiktok.com\/@cefamuniversity","https:\/\/www.linkedin.com\/school\/cefam-centre-d'tudes-franco-amricain-de-management\/","https:\/\/www.instagram.com\/cefamuniversity\/?hl=fr","https:\/\/www.youtube.com\/user\/cefamweb"]},{"@type":"Person","@id":"https:\/\/www.cefam.fr\/#\/schema\/person\/681299a2bdfed0c331a28df9fb76aebf","name":"Lily Horclois","image":{"@type":"ImageObject","inLanguage":"en-US","@id":"https:\/\/secure.gravatar.com\/avatar\/b372c0753ec84be56f63040002ad7de14a373d659f8649213cbc6ad82fa486b6?s=96&d=mm&r=g","url":"https:\/\/secure.gravatar.com\/avatar\/b372c0753ec84be56f63040002ad7de14a373d659f8649213cbc6ad82fa486b6?s=96&d=mm&r=g","contentUrl":"https:\/\/secure.gravatar.com\/avatar\/b372c0753ec84be56f63040002ad7de14a373d659f8649213cbc6ad82fa486b6?s=96&d=mm&r=g","caption":"Lily Horclois"},"url":"https:\/\/www.cefam.fr\/en\/author\/lhorclois\/"}]}},"_links":{"self":[{"href":"https:\/\/www.cefam.fr\/en\/wp-json\/wp\/v2\/posts\/4509","targetHints":{"allow":["GET"]}}],"collection":[{"href":"https:\/\/www.cefam.fr\/en\/wp-json\/wp\/v2\/posts"}],"about":[{"href":"https:\/\/www.cefam.fr\/en\/wp-json\/wp\/v2\/types\/post"}],"author":[{"embeddable":true,"href":"https:\/\/www.cefam.fr\/en\/wp-json\/wp\/v2\/users\/4"}],"replies":[{"embeddable":true,"href":"https:\/\/www.cefam.fr\/en\/wp-json\/wp\/v2\/comments?post=4509"}],"version-history":[{"count":1,"href":"https:\/\/www.cefam.fr\/en\/wp-json\/wp\/v2\/posts\/4509\/revisions"}],"predecessor-version":[{"id":33135,"href":"https:\/\/www.cefam.fr\/en\/wp-json\/wp\/v2\/posts\/4509\/revisions\/33135"}],"wp:featuredmedia":[{"embeddable":true,"href":"https:\/\/www.cefam.fr\/en\/wp-json\/wp\/v2\/media\/4149"}],"wp:attachment":[{"href":"https:\/\/www.cefam.fr\/en\/wp-json\/wp\/v2\/media?parent=4509"}],"wp:term":[{"taxonomy":"category","embeddable":true,"href":"https:\/\/www.cefam.fr\/en\/wp-json\/wp\/v2\/categories?post=4509"},{"taxonomy":"post_tag","embeddable":true,"href":"https:\/\/www.cefam.fr\/en\/wp-json\/wp\/v2\/tags?post=4509"}],"curies":[{"name":"wp","href":"https:\/\/api.w.org\/{rel}","templated":true}]}}